{"id":823,"date":"2023-12-22T15:03:00","date_gmt":"2023-12-22T15:03:00","guid":{"rendered":"https:\/\/evolueazaincariera.ro\/?p=823"},"modified":"2024-06-12T07:59:04","modified_gmt":"2024-06-12T07:59:04","slug":"reproiectarea-carierei-la-maturitate-strategii-eficiente-pentru-adultii-peste-40-de-ani","status":"publish","type":"post","link":"https:\/\/evolueazaincariera.ro\/index.php\/2023\/12\/22\/reproiectarea-carierei-la-maturitate-strategii-eficiente-pentru-adultii-peste-40-de-ani\/","title":{"rendered":"Reproiectarea carierei la maturitate: Strategii eficiente pentru adul\u021bii peste 40 de ani"},"content":{"rendered":"\n<p>\u00cen contextul actual, \u00een care dinamica pie\u021bei muncii impune o adaptare continu\u0103, adul\u021bii cu v\u00e2rsta de peste 40 de ani se confrunt\u0103 adesea cu provoc\u0103ri semnificative \u00een men\u021binerea relevan\u021bei profesionale. Proiectul implementat de Asocia\u021bia pentru Formare, Educa\u021bie \u0219i Dezvoltare \u2013 &#8222;EUROFED&#8221;, \u00een parteneriat cu Asocia\u021bia KOFOFED\u2019S SCHOOL ROMANIA \u0219i Asocia\u021bia ONIXALEX, propune o abordare integrat\u0103 pentru sus\u021binerea acestui segment demografic.<\/p>\n\n\n\n<p>Unul dintre obiectivele principale ale proiectului este \u00eembun\u0103t\u0103\u021birea accesului egal la \u00eenv\u0103\u021barea pe tot parcursul vie\u021bii, oferind adul\u021bilor peste 40 de ani, \u00een special celor din zonele rurale defavorizate, posibilitatea de a-\u0219i actualiza cuno\u0219tin\u021bele \u0219i competen\u021bele. Aceasta se realizeaz\u0103 prin facilitarea accesului la formare profesional\u0103 continu\u0103, recunoa\u0219terea \u0219i certificarea competen\u021belor dob\u00e2ndite \u00een medii non-formale \u0219i informale.<\/p>\n\n\n\n<p>Strategia de implementare a proiectului se concentreaz\u0103 pe organizarea de cursuri de ini\u021biere, specializare \u0219i perfec\u021bionare, precum \u0219i workshop-uri \u00een domenii relevante pentru pia\u021ba muncii, cum ar fi customer care \u0219i auto\u00eenv\u0103\u021barea. \u00cen total, 658 de angaja\u021bi din regiunile mai pu\u021bin dezvoltate ale Rom\u00e2niei sunt vizati s\u0103 beneficieze de aceste programe.<\/p>\n\n\n\n<p>Pentru a cre\u0219te con\u0219tientizarea \u0219i a \u00eencuraja participarea la aceste programe, proiectul include o campanie de informare \u0219i con\u0219tientizare, at\u00e2t online, c\u00e2t \u0219i prin evenimente directe, destinat\u0103 s\u0103 sublinieze importan\u021ba form\u0103rii continue. Aceste ac\u021biuni sunt vitale pentru a combate stigma \u00eenvechit\u0103 c\u0103 educa\u021bia este doar pentru tineri, promov\u00e2nd ideea c\u0103 \u00eenv\u0103\u021barea este un proces continuu, vital pentru adaptabilitatea la schimb\u0103rile rapide din mediul de lucru.<\/p>\n\n\n\n<p>Tutoratul \u0219i consilierea profesional\u0103 sunt, de asemenea, aspecte cheie ale proiectului, oferind sprijin personalizat pentru a ajuta angaja\u021bii s\u0103 identifice cele mai adecvate c\u0103i de dezvoltare profesional\u0103 \u00een concordan\u021b\u0103 cu tendin\u021bele actuale \u0219i aspira\u021biile personale.<\/p>\n\n\n\n<p>Rezultatele a\u0219teptate ale proiectului includ nu doar cre\u0219terea nivelului de calificare \u0219i certificare a competen\u021belor participan\u021bilor, dar \u0219i o \u00eembun\u0103t\u0103\u021bire a productivit\u0103\u021bii \u0219i a satisfac\u021biei profesionale, contribuind la un mediu de lucru mai dinamic \u0219i la o societate mai incluziv\u0103.<\/p>\n\n\n\n<p>Prin aceste eforturi, Asocia\u021bia EUROFED \u0219i partenerii s\u0103i se str\u0103duiesc s\u0103 modeleze un peisaj profesional \u00een care v\u00e2rsta nu mai este un obstacol \u00een dezvoltarea profesional\u0103, ci un avantaj care aduce experien\u021b\u0103 \u0219i perspectiv\u0103 \u00eentr-o pia\u021b\u0103 \u00een continu\u0103 schimbare. Acest proiect este un exemplu concret de cum ini\u021biativele bine direc\u021bionate pot transforma provoc\u0103rile \u00een oportunit\u0103\u021bi pentru toate categoriile de v\u00e2rst\u0103.<\/p>\n","protected":false},"excerpt":{"rendered":"<p>\u00cen contextul actual, \u00een care dinamica pie\u021bei muncii impune o adaptare continu\u0103, adul\u021bii cu v\u00e2rsta de peste 40 de ani se confrunt\u0103 adesea cu provoc\u0103ri semnificative \u00een men\u021binerea relevan\u021bei profesionale. Proiectul implementat de Asocia\u021bia pentru Formare, Educa\u021bie \u0219i Dezvoltare \u2013 &#8222;EUROFED&#8221;, \u00een parteneriat cu Asocia\u021bia KOFOFED\u2019S SCHOOL ROMANIA \u0219i Asocia\u021bia ONIXALEX, propune o abordare integrat\u0103 [&hellip;]<\/p>\n","protected":false},"author":2,"featured_media":824,"comment_status":"open","ping_status":"open","sticky":false,"template":"","format":"standard","meta":{"footnotes":""},"categories":[1],"tags":[],"class_list":["post-823","post","type-post","status-publish","format-standard","has-post-thumbnail","hentry","category-fara-categorie"],"_links":{"self":[{"href":"https:\/\/evolueazaincariera.ro\/index.php\/wp-json\/wp\/v2\/posts\/823","targetHints":{"allow":["GET"]}}],"collection":[{"href":"https:\/\/evolueazaincariera.ro\/index.php\/wp-json\/wp\/v2\/posts"}],"about":[{"href":"https:\/\/evolueazaincariera.ro\/index.php\/wp-json\/wp\/v2\/types\/post"}],"author":[{"embeddable":true,"href":"https:\/\/evolueazaincariera.ro\/index.php\/wp-json\/wp\/v2\/users\/2"}],"replies":[{"embeddable":true,"href":"https:\/\/evolueazaincariera.ro\/index.php\/wp-json\/wp\/v2\/comments?post=823"}],"version-history":[{"count":1,"href":"https:\/\/evolueazaincariera.ro\/index.php\/wp-json\/wp\/v2\/posts\/823\/revisions"}],"predecessor-version":[{"id":825,"href":"https:\/\/evolueazaincariera.ro\/index.php\/wp-json\/wp\/v2\/posts\/823\/revisions\/825"}],"wp:featuredmedia":[{"embeddable":true,"href":"https:\/\/evolueazaincariera.ro\/index.php\/wp-json\/wp\/v2\/media\/824"}],"wp:attachment":[{"href":"https:\/\/evolueazaincariera.ro\/index.php\/wp-json\/wp\/v2\/media?parent=823"}],"wp:term":[{"taxonomy":"category","embeddable":true,"href":"https:\/\/evolueazaincariera.ro\/index.php\/wp-json\/wp\/v2\/categories?post=823"},{"taxonomy":"post_tag","embeddable":true,"href":"https:\/\/evolueazaincariera.ro\/index.php\/wp-json\/wp\/v2\/tags?post=823"}],"curies":[{"name":"wp","href":"https:\/\/api.w.org\/{rel}","templated":true}]}}