{"id":811,"date":"2023-11-16T14:58:00","date_gmt":"2023-11-16T14:58:00","guid":{"rendered":"https:\/\/evolueazaincariera.ro\/?p=811"},"modified":"2024-06-12T07:59:45","modified_gmt":"2024-06-12T07:59:45","slug":"facilitarea-accesului-la-educatie-prin-tehnologie-pentru-grupurile-vulnerabile","status":"publish","type":"post","link":"https:\/\/evolueazaincariera.ro\/index.php\/2023\/11\/16\/facilitarea-accesului-la-educatie-prin-tehnologie-pentru-grupurile-vulnerabile\/","title":{"rendered":"Facilitarea accesului la educa\u021bie prin tehnologie pentru grupurile vulnerabile"},"content":{"rendered":"\n<p>\u00cen contextul actual, caracterizat de transform\u0103ri digitale rapide, utilizarea tehnologiei \u00een formarea profesional\u0103 continu\u0103 devine esen\u021bial\u0103 pentru integrarea tuturor segmentelor de popula\u021bie \u00een dinamica pie\u021bei muncii. Proiectele de formare profesional\u0103, cum este cel implementat de Asocia\u021bia pentru Formare, Educa\u021bie \u0219i Dezvoltare &#8211; EUROFED, pun un accent deosebit pe includerea grupurilor vulnerabile, oferindu-le oportunit\u0103\u021bi egale de dezvoltare \u0219i acces la educa\u021bie.<\/p>\n\n\n\n<p>Unul dintre obiectivele centrale ale proiectului este \u00eembun\u0103t\u0103\u021birea accesului la \u00eenv\u0103\u021barea pe tot parcursul vie\u021bii, \u00een moduri formale, non-formale \u0219i informale. Aceasta vizeaz\u0103 \u00een special adul\u021bii cu un nivel sc\u0103zut de calificare \u0219i persoanele cu v\u00e2rsta de peste 40 de ani din zone rurale defavorizate, pentru care tehnologia poate juca un rol crucial. Prin intermediul platformelor de e-learning \u0219i a materialelor educa\u021bionale digitale, participan\u021bii pot accesa resurse de \u00eenv\u0103\u021bare de oriunde \u0219i oric\u00e2nd, dep\u0103\u0219ind astfel barierele geografice \u0219i temporale.<\/p>\n\n\n\n<p>Proiectul include \u0219i un num\u0103r impresionant de 47 de grupuri de cursuri de ini\u021biere, specializare \u0219i perfec\u021bionare, desf\u0103\u0219urate \u00een cadrul a 7 regiuni mai pu\u021bin dezvoltate ale Rom\u00e2niei. Acestea sunt complementate de 35 de workshop-uri \u00een domeniul customer care \u0219i 21 de workshop-uri \u00een auto\u00eenv\u0103\u021bare, toate av\u00e2nd la baz\u0103 tehnologii educa\u021bionale moderne care stimuleaz\u0103 participarea activ\u0103 \u0219i angajamentul cursan\u021bilor.<\/p>\n\n\n\n<p>Campaniile de con\u0219tientizare \u0219i informare sunt de asemenea vitale, sensibiliz\u00e2nd angaja\u021bii privind importan\u021ba form\u0103rii profesionale continue. Acestea utilizeaz\u0103 instrumente digitale pentru a atinge un public larg, inclusiv prin intermediul re\u021belelor sociale \u0219i platformelor online, asigur\u00e2nd o diseminare eficient\u0103 a informa\u021biilor \u0219i o interac\u021biune direct\u0103 cu grupurile \u021bint\u0103.<\/p>\n\n\n\n<p>Un exemplu concret de impact pozitiv al tehnologiei \u00een educa\u021bie \u00eel reprezint\u0103 serviciile de consiliere profesional\u0103 \u0219i tutorat, oferite pentru 658 de angaja\u021bi din regiunile targetate. Aceste servicii se bazeaz\u0103 pe utilizarea intensiv\u0103 a tehnologiei pentru a facilita comunicarea, evaluarea \u0219i monitorizarea progresului fiec\u0103rui participant.<\/p>\n\n\n\n<p>\u00cen concluzie, integrarea tehnologiei \u00een programele de formare profesional\u0103 continu\u0103 nu doar c\u0103 deschide noi orizonturi pentru participan\u021bi, dar \u0219i contribuie semnificativ la reducerea disparit\u0103\u021bilor educa\u021bionale. Prin recunoa\u0219terea \u0219i certificarea competen\u021belor dob\u00e2ndite \u00een medii non-formale \u0219i informale, tehnologia devine un catalizator esen\u021bial \u00een promovarea unei societ\u0103\u021bi \u00eenv\u0103\u021b\u0103toare, inclusiv\u0103 \u0219i adaptabil\u0103 la nevoile actuale \u0219i viitoare ale for\u021bei de munc\u0103.<\/p>\n","protected":false},"excerpt":{"rendered":"<p>\u00cen contextul actual, caracterizat de transform\u0103ri digitale rapide, utilizarea tehnologiei \u00een formarea profesional\u0103 continu\u0103 devine esen\u021bial\u0103 pentru integrarea tuturor segmentelor de popula\u021bie \u00een dinamica pie\u021bei muncii. Proiectele de formare profesional\u0103, cum este cel implementat de Asocia\u021bia pentru Formare, Educa\u021bie \u0219i Dezvoltare &#8211; EUROFED, pun un accent deosebit pe includerea grupurilor vulnerabile, oferindu-le oportunit\u0103\u021bi egale de [&hellip;]<\/p>\n","protected":false},"author":2,"featured_media":812,"comment_status":"open","ping_status":"open","sticky":false,"template":"","format":"standard","meta":{"footnotes":""},"categories":[1],"tags":[],"class_list":["post-811","post","type-post","status-publish","format-standard","has-post-thumbnail","hentry","category-fara-categorie"],"_links":{"self":[{"href":"https:\/\/evolueazaincariera.ro\/index.php\/wp-json\/wp\/v2\/posts\/811","targetHints":{"allow":["GET"]}}],"collection":[{"href":"https:\/\/evolueazaincariera.ro\/index.php\/wp-json\/wp\/v2\/posts"}],"about":[{"href":"https:\/\/evolueazaincariera.ro\/index.php\/wp-json\/wp\/v2\/types\/post"}],"author":[{"embeddable":true,"href":"https:\/\/evolueazaincariera.ro\/index.php\/wp-json\/wp\/v2\/users\/2"}],"replies":[{"embeddable":true,"href":"https:\/\/evolueazaincariera.ro\/index.php\/wp-json\/wp\/v2\/comments?post=811"}],"version-history":[{"count":1,"href":"https:\/\/evolueazaincariera.ro\/index.php\/wp-json\/wp\/v2\/posts\/811\/revisions"}],"predecessor-version":[{"id":813,"href":"https:\/\/evolueazaincariera.ro\/index.php\/wp-json\/wp\/v2\/posts\/811\/revisions\/813"}],"wp:featuredmedia":[{"embeddable":true,"href":"https:\/\/evolueazaincariera.ro\/index.php\/wp-json\/wp\/v2\/media\/812"}],"wp:attachment":[{"href":"https:\/\/evolueazaincariera.ro\/index.php\/wp-json\/wp\/v2\/media?parent=811"}],"wp:term":[{"taxonomy":"category","embeddable":true,"href":"https:\/\/evolueazaincariera.ro\/index.php\/wp-json\/wp\/v2\/categories?post=811"},{"taxonomy":"post_tag","embeddable":true,"href":"https:\/\/evolueazaincariera.ro\/index.php\/wp-json\/wp\/v2\/tags?post=811"}],"curies":[{"name":"wp","href":"https:\/\/api.w.org\/{rel}","templated":true}]}}