{"id":805,"date":"2023-11-02T14:56:00","date_gmt":"2023-11-02T14:56:00","guid":{"rendered":"https:\/\/evolueazaincariera.ro\/?p=805"},"modified":"2024-06-12T07:59:45","modified_gmt":"2024-06-12T07:59:45","slug":"dezvoltarea-economica-prin-educatie-in-comunitatile-marginalizate-impactul-educatiei-si-formarii-profesionale","status":"publish","type":"post","link":"https:\/\/evolueazaincariera.ro\/index.php\/2023\/11\/02\/dezvoltarea-economica-prin-educatie-in-comunitatile-marginalizate-impactul-educatiei-si-formarii-profesionale\/","title":{"rendered":"Dezvoltarea economic\u0103 prin educa\u021bie \u00een comunit\u0103\u021bile marginalizate: Impactul educa\u021biei \u0219i form\u0103rii profesionale"},"content":{"rendered":"\n<p>\u00cen contextul actual, unde disparit\u0103\u021bile economice \u0219i sociale devin din ce \u00een ce mai pregnante, educa\u021bia \u0219i formarea profesional\u0103 joac\u0103 un rol crucial \u00een atenuarea acestora, mai ales \u00een zonele defavorizate. Un exemplu concret \u00een acest sens este implementarea proiectului de c\u0103tre Asocia\u021bia pentru Formare, Educa\u021bie \u0219i Dezvoltare \u2013 EUROFED, al\u0103turi de partenerii s\u0103i, care vizeaz\u0103 \u00eembun\u0103t\u0103\u021birea accesului la educa\u021bie \u0219i formare profesional\u0103 pentru 658 de angaja\u021bi din cele \u0219apte regiuni mai pu\u021bin dezvoltate ale Rom\u00e2niei.<\/p>\n\n\n\n<p>Obiectivul general al proiectului const\u0103 \u00een cre\u0219terea particip\u0103rii la programe de formare profesional\u0103 continu\u0103, cu un accent deosebit pe adul\u021bii cu un nivel sc\u0103zut de calificare \u0219i pe persoanele cu v\u00e2rsta de peste 40 de ani din mediile rurale defavorizate. Acest demers este esen\u021bial, \u00eentruc\u00e2t participarea la astfel de programe poate contribui substan\u021bial la dezvoltarea personal\u0103 \u0219i profesional\u0103 a indivizilor, facilit\u00e2ndu-le astfel accesul la noi oportunit\u0103\u021bi economice.<\/p>\n\n\n\n<p>Printre obiectivele specifice se num\u0103r\u0103 cre\u0219terea gradului de con\u0219tientizare \u0219i schimbarea atitudinii fa\u021b\u0103 de nevoia de formare profesional\u0103 continu\u0103, dezvoltarea abilit\u0103\u021bilor \u0219i competen\u021belor necesare pe pia\u021ba muncii \u0219i implementarea unei campanii de con\u0219tientizare privind importan\u021ba educa\u021biei continue. Proiectul presupune \u0219i desf\u0103\u0219urarea unor activit\u0103\u021bi de formare non-formal\u0103, cum ar fi workshop-uri \u00een domenii precum customer care \u0219i auto\u00eenv\u0103\u021bare, menite s\u0103 sporeasc\u0103 adaptabilitatea \u0219i productivitatea angaja\u021bilor.<\/p>\n\n\n\n<p>Impactul acestor ini\u021biative este amplificat de parteneriatele strategice cu alte organiza\u021bii precum Asocia\u021bia Kofoed\u2019s School Romania \u0219i Asocia\u021bia ONIXALEX, care aduc o valoare ad\u0103ugat\u0103 \u00een implementarea \u0219i extinderea acoperirii proiectului. Astfel, se creeaz\u0103 o re\u021bea solid\u0103 de suport, care contribuie la realizarea obiectivelor stabilite \u0219i la maximizarea efectelor pozitive asupra comunit\u0103\u021bilor vizate.<\/p>\n\n\n\n<p>Rezultatele anticipate includ cre\u0219terea num\u0103rului de persoane certificate \u00een urma particip\u0103rii la programele de formare, \u00eembun\u0103t\u0103\u021birea calit\u0103\u021bii vie\u021bii \u0219i a \u0219anselor de angajare ale beneficiarilor, precum \u0219i o mai bun\u0103 adaptare la cerin\u021bele pie\u021bei muncii. Aceste rezultate subliniaz\u0103 importan\u021ba vital\u0103 a investi\u021biilor \u00een educa\u021bie \u0219i formare profesional\u0103 ca motor de dezvoltare economic\u0103 \u0219i reducere a inegalit\u0103\u021bilor sociale.<\/p>\n\n\n\n<p>\u00cen concluzie, educa\u021bia \u0219i formarea profesional\u0103 continu\u0103 reprezint\u0103 nu doar un drept al fiec\u0103rui individ, ci \u0219i o necesitate pentru progresul economic \u0219i social al comunit\u0103\u021bilor marginalizate. Prin ini\u021biative ca aceasta, se poate stimula cre\u0219terea economic\u0103 durabil\u0103 \u0219i se pot deschide noi orizonturi pentru persoanele din regiunile mai pu\u021bin dezvoltate ale \u021b\u0103rii.<\/p>\n","protected":false},"excerpt":{"rendered":"<p>\u00cen contextul actual, unde disparit\u0103\u021bile economice \u0219i sociale devin din ce \u00een ce mai pregnante, educa\u021bia \u0219i formarea profesional\u0103 joac\u0103 un rol crucial \u00een atenuarea acestora, mai ales \u00een zonele defavorizate. Un exemplu concret \u00een acest sens este implementarea proiectului de c\u0103tre Asocia\u021bia pentru Formare, Educa\u021bie \u0219i Dezvoltare \u2013 EUROFED, al\u0103turi de partenerii s\u0103i, care [&hellip;]<\/p>\n","protected":false},"author":2,"featured_media":806,"comment_status":"open","ping_status":"open","sticky":false,"template":"","format":"standard","meta":{"footnotes":""},"categories":[1],"tags":[],"class_list":["post-805","post","type-post","status-publish","format-standard","has-post-thumbnail","hentry","category-fara-categorie"],"_links":{"self":[{"href":"https:\/\/evolueazaincariera.ro\/index.php\/wp-json\/wp\/v2\/posts\/805","targetHints":{"allow":["GET"]}}],"collection":[{"href":"https:\/\/evolueazaincariera.ro\/index.php\/wp-json\/wp\/v2\/posts"}],"about":[{"href":"https:\/\/evolueazaincariera.ro\/index.php\/wp-json\/wp\/v2\/types\/post"}],"author":[{"embeddable":true,"href":"https:\/\/evolueazaincariera.ro\/index.php\/wp-json\/wp\/v2\/users\/2"}],"replies":[{"embeddable":true,"href":"https:\/\/evolueazaincariera.ro\/index.php\/wp-json\/wp\/v2\/comments?post=805"}],"version-history":[{"count":1,"href":"https:\/\/evolueazaincariera.ro\/index.php\/wp-json\/wp\/v2\/posts\/805\/revisions"}],"predecessor-version":[{"id":807,"href":"https:\/\/evolueazaincariera.ro\/index.php\/wp-json\/wp\/v2\/posts\/805\/revisions\/807"}],"wp:featuredmedia":[{"embeddable":true,"href":"https:\/\/evolueazaincariera.ro\/index.php\/wp-json\/wp\/v2\/media\/806"}],"wp:attachment":[{"href":"https:\/\/evolueazaincariera.ro\/index.php\/wp-json\/wp\/v2\/media?parent=805"}],"wp:term":[{"taxonomy":"category","embeddable":true,"href":"https:\/\/evolueazaincariera.ro\/index.php\/wp-json\/wp\/v2\/categories?post=805"},{"taxonomy":"post_tag","embeddable":true,"href":"https:\/\/evolueazaincariera.ro\/index.php\/wp-json\/wp\/v2\/tags?post=805"}],"curies":[{"name":"wp","href":"https:\/\/api.w.org\/{rel}","templated":true}]}}